{"id":6619,"date":"2023-03-09T16:48:11","date_gmt":"2023-03-09T16:48:11","guid":{"rendered":"https:\/\/www.plugandgo.es\/?p=6619"},"modified":"2023-03-09T16:48:11","modified_gmt":"2023-03-09T16:48:11","slug":"el-futuro-de-los-espacios-de-trabajo-un-futuro-que-empieza-hoy","status":"publish","type":"post","link":"https:\/\/www.plugandgo.es\/en\/el-futuro-de-los-espacios-de-trabajo-un-futuro-que-empieza-hoy\/","title":{"rendered":"\"El futuro de los espacios de trabajo\", un futuro que empieza hoy"},"content":{"rendered":"\n<figure class=\"wp-block-image size-large is-style-default\"><img fetchpriority=\"high\" decoding=\"async\" width=\"1030\" height=\"579\" src=\"https:\/\/www.plugandgo.es\/wp-content\/uploads\/2023\/03\/025_Grupo_Futuro_Espacios_Para_El_Trabajo_9_marzo_2023_Grupo_Via-1030x579.jpg?_t=1679052325\" alt=\"\" class=\"wp-image-6629\" srcset=\"https:\/\/www.plugandgo.es\/wp-content\/uploads\/2023\/03\/025_Grupo_Futuro_Espacios_Para_El_Trabajo_9_marzo_2023_Grupo_Via-1030x579.jpg 1030w, https:\/\/www.plugandgo.es\/wp-content\/uploads\/2023\/03\/025_Grupo_Futuro_Espacios_Para_El_Trabajo_9_marzo_2023_Grupo_Via-1024x576.jpg 1024w, https:\/\/www.plugandgo.es\/wp-content\/uploads\/2023\/03\/025_Grupo_Futuro_Espacios_Para_El_Trabajo_9_marzo_2023_Grupo_Via-760x428.jpg 760w, https:\/\/www.plugandgo.es\/wp-content\/uploads\/2023\/03\/025_Grupo_Futuro_Espacios_Para_El_Trabajo_9_marzo_2023_Grupo_Via-300x169.jpg 300w, https:\/\/www.plugandgo.es\/wp-content\/uploads\/2023\/03\/025_Grupo_Futuro_Espacios_Para_El_Trabajo_9_marzo_2023_Grupo_Via-768x432.jpg 768w, https:\/\/www.plugandgo.es\/wp-content\/uploads\/2023\/03\/025_Grupo_Futuro_Espacios_Para_El_Trabajo_9_marzo_2023_Grupo_Via-1536x864.jpg 1536w, https:\/\/www.plugandgo.es\/wp-content\/uploads\/2023\/03\/025_Grupo_Futuro_Espacios_Para_El_Trabajo_9_marzo_2023_Grupo_Via.jpg 2048w\" sizes=\"(max-width: 1030px) 100vw, 1030px\" \/><\/figure>\n\n\n\n<p><strong>Covadonga G. Quintana<\/strong>, socia directora de plug&amp;go, ha participado esta ma\u00f1ana en la jornada <strong><a rel=\"noreferrer noopener\" href=\"https:\/\/grupovia.net\/eventos\/oficinas\/madrid\/2023\/futuro-de-los-espacios-para-el-trabajo\/\" data-type=\"URL\" data-id=\"https:\/\/grupovia.net\/eventos\/oficinas\/madrid\/2023\/futuro-de-los-espacios-para-el-trabajo\/\" target=\"_blank\">\u201cEl futuro de los espacios para el trabajo\u201d<\/a><\/strong>, organizada en Madrid por Grupo V\u00eda, y en el que siete ponentes han analizado las <strong>nuevas tendencias de los espacios de trabajo en oficinas y coworking<\/strong>.<\/p>\n\n\n\n<p>Seg\u00fan Covadonga, si bien antes de la pandemia en el sector de la arquitectura corporativa se hablaba de tendencias, hoy nos cuestionamos incluso si necesitamos realmente una oficina tradicional, por ejemplo: \u00bfpara qu\u00e9 vamos a la oficina?, \u00bfc\u00f3mo nos organizamos y medimos nuestro trabajo?, \u00bfpuedo ser un n\u00f3mada digital?, \u00bfy el metaverso?&#8230; Y \u201ccuestionarse abre una nueva relaci\u00f3n cliente-arquitecto\u201d.<\/p>\n\n\n\n<figure class=\"wp-block-image size-large\"><img decoding=\"async\" src=\"https:\/\/www.plugandgo.es\/wp-content\/uploads\/2023\/03\/013_Covadonga_G._Quintana_PlugGo_Futuro_Espacios_Para_El_Trabajo_9_marzo_2023_Grupo_Via-1030x579.jpg?_t=1679052425\" alt=\"\" class=\"wp-image-6631\"\/><\/figure>\n\n\n\n<p>El futuro de las oficinas, que asegura \u201cempieza hoy\u201d, descansa sobre tres pilares: flexibilidad, bienestar y naturaleza.<\/p>\n\n\n\n<h3 class=\"wp-block-heading\"><strong>Flexibilidad &#8211; Greentecture<\/strong><\/h3>\n\n\n\n<p>Los espacios tienen valor para la <strong>persona <\/strong>que est\u00e1 <strong>en el centro<\/strong>. La modularidad, la polivalencia que se completa con un enfoque \u201cverde\u201d y sostenible un tipo de arquitectura en concreto: la <strong>Greentecture<\/strong><em>.<\/em><\/p>\n\n\n\n<h3 class=\"wp-block-heading\"><strong>Bienestar<\/strong><\/h3>\n\n\n\n<p>Las emociones, el bienestar y el equilibrio que algo produce, cobra un inter\u00e9s cada vez m\u00e1s especial. Este <strong>enfoque hol\u00edstico <\/strong>aplica criterios de <strong>neuroarquitectura <\/strong>al espacio. Las emociones, cambian nuestras conductas y modifican nuestro cerebro.<\/p>\n\n\n\n<h3 class=\"wp-block-heading\"><strong>Naturaleza<\/strong><\/h3>\n\n\n\n<p>La conciencia de la sociedad crece hacia un sentimiento firme de <strong>respeto hacia el entorno<\/strong>. Buscamos un dise\u00f1o que recupere materiales o los dote de una segunda vida. Se valora el dise\u00f1o que reutiliza lo existente y se combina creando un nuevo escenario.<\/p>\n\n\n\n<p>Covadonga ha aterrizado estos tres conceptos mostrando c\u00f3mo los han aplicado en dos de los proyectos recientes de plug&amp;go: las oficinas de <strong><a href=\"https:\/\/www.plugandgo.es\/portfolio-item\/oxford-university-press-oup\/\" target=\"_blank\" rel=\"noreferrer noopener\">Oxford University Press<\/a><\/strong> y <strong><a href=\"https:\/\/www.plugandgo.es\/portfolio-item\/techedge\/\" data-type=\"URL\" data-id=\"https:\/\/www.plugandgo.es\/portfolio-item\/techedge\/\" target=\"_blank\" rel=\"noreferrer noopener\">TechEdge<\/a><\/strong>, que puedes ver en la secci\u00f3n de <strong><a href=\"https:\/\/www.plugandgo.es\/clientes\/\" target=\"_blank\" rel=\"noreferrer noopener\">Clientes<\/a><\/strong> de nuestra web.<\/p>\n\n\n\n<figure class=\"wp-block-image size-large\"><img decoding=\"async\" width=\"1030\" height=\"686\" src=\"https:\/\/www.plugandgo.es\/wp-content\/uploads\/2023\/02\/20221005-Avenida-de-Castilla-2D-Madrid-Oficinas-OXFORD-3-HQ-1030x686.jpg?_t=1678380232\" alt=\"\" class=\"wp-image-6440\" srcset=\"https:\/\/www.plugandgo.es\/wp-content\/uploads\/2023\/02\/20221005-Avenida-de-Castilla-2D-Madrid-Oficinas-OXFORD-3-HQ-1030x686.jpg 1030w, https:\/\/www.plugandgo.es\/wp-content\/uploads\/2023\/02\/20221005-Avenida-de-Castilla-2D-Madrid-Oficinas-OXFORD-3-HQ-1024x683.jpg 1024w, https:\/\/www.plugandgo.es\/wp-content\/uploads\/2023\/02\/20221005-Avenida-de-Castilla-2D-Madrid-Oficinas-OXFORD-3-HQ-760x507.jpg 760w, https:\/\/www.plugandgo.es\/wp-content\/uploads\/2023\/02\/20221005-Avenida-de-Castilla-2D-Madrid-Oficinas-OXFORD-3-HQ-300x200.jpg 300w, https:\/\/www.plugandgo.es\/wp-content\/uploads\/2023\/02\/20221005-Avenida-de-Castilla-2D-Madrid-Oficinas-OXFORD-3-HQ-768x512.jpg 768w, https:\/\/www.plugandgo.es\/wp-content\/uploads\/2023\/02\/20221005-Avenida-de-Castilla-2D-Madrid-Oficinas-OXFORD-3-HQ-1536x1024.jpg 1536w, https:\/\/www.plugandgo.es\/wp-content\/uploads\/2023\/02\/20221005-Avenida-de-Castilla-2D-Madrid-Oficinas-OXFORD-3-HQ.jpg 2048w\" sizes=\"(max-width: 1030px) 100vw, 1030px\" \/><figcaption class=\"wp-element-caption\">Oxford University Press | Proyecto de plug&amp;go<\/figcaption><\/figure>\n","protected":false},"excerpt":{"rendered":"<p>Covadonga G. Quintana, socia directora de plug&amp;go, ha participado esta ma\u00f1ana en la jornada \u201cEl futuro de los espacios para el trabajo\u201d, organizada en Madrid por Grupo V\u00eda, y en el que siete ponentes han analizado las nuevas tendencias de los espacios de trabajo en oficinas y coworking. Seg\u00fan Covadonga, si bien antes de la [&hellip;]<\/p>\n","protected":false},"author":3,"featured_media":6630,"comment_status":"closed","ping_status":"closed","sticky":false,"template":"","format":"standard","meta":{"footnotes":""},"categories":[132],"tags":[],"class_list":["post-6619","post","type-post","status-publish","format-standard","has-post-thumbnail","hentry","category-actualidad"],"_links":{"self":[{"href":"https:\/\/www.plugandgo.es\/en\/wp-json\/wp\/v2\/posts\/6619","targetHints":{"allow":["GET"]}}],"collection":[{"href":"https:\/\/www.plugandgo.es\/en\/wp-json\/wp\/v2\/posts"}],"about":[{"href":"https:\/\/www.plugandgo.es\/en\/wp-json\/wp\/v2\/types\/post"}],"author":[{"embeddable":true,"href":"https:\/\/www.plugandgo.es\/en\/wp-json\/wp\/v2\/users\/3"}],"replies":[{"embeddable":true,"href":"https:\/\/www.plugandgo.es\/en\/wp-json\/wp\/v2\/comments?post=6619"}],"version-history":[{"count":0,"href":"https:\/\/www.plugandgo.es\/en\/wp-json\/wp\/v2\/posts\/6619\/revisions"}],"wp:featuredmedia":[{"embeddable":true,"href":"https:\/\/www.plugandgo.es\/en\/wp-json\/wp\/v2\/media\/6630"}],"wp:attachment":[{"href":"https:\/\/www.plugandgo.es\/en\/wp-json\/wp\/v2\/media?parent=6619"}],"wp:term":[{"taxonomy":"category","embeddable":true,"href":"https:\/\/www.plugandgo.es\/en\/wp-json\/wp\/v2\/categories?post=6619"},{"taxonomy":"post_tag","embeddable":true,"href":"https:\/\/www.plugandgo.es\/en\/wp-json\/wp\/v2\/tags?post=6619"}],"curies":[{"name":"wp","href":"https:\/\/api.w.org\/{rel}","templated":true}]}}