{"id":6626,"date":"2023-02-10T11:32:14","date_gmt":"2023-02-10T11:32:14","guid":{"rendered":"https:\/\/www.plugandgo.es\/?p=6626"},"modified":"2023-06-13T09:51:55","modified_gmt":"2023-06-13T09:51:55","slug":"diseno-de-oficinas-crear-habitar-y-vivir-los-espacios-de-trabajo","status":"publish","type":"post","link":"https:\/\/www.plugandgo.es\/en\/diseno-de-oficinas-crear-habitar-y-vivir-los-espacios-de-trabajo\/","title":{"rendered":"Dise\u00f1o de Oficinas: Crear, habitar y vivir los espacios de trabajo"},"content":{"rendered":"\n<figure class=\"wp-block-gallery has-nested-images columns-default is-cropped wp-block-gallery-1 is-layout-flex wp-block-gallery-is-layout-flex\">\n<figure class=\"wp-block-image size-full is-style-default\"><img decoding=\"async\" data-id=\"6633\" src=\"https:\/\/www.plugandgo.es\/wp-content\/uploads\/2023\/03\/20221005-Avenida-de-Castilla-2D-Madrid-Oficinas-OXFORD-1-HQ-1030x686-1.jpg\" alt=\"\" class=\"wp-image-6633\"\/><\/figure>\n<\/figure>\n\n\n\n<p>Uno de los <strong>grandes cambios que se ha generado en el dise\u00f1o de oficinas<\/strong> en el momento actual, ha sido sin lugar a dudas, <strong>poner en cuesti\u00f3n el viejo modelo de trabajo<\/strong> como hemos hecho en <a href=\"https:\/\/plugandgo.es\" data-type=\"URL\" data-id=\"https:\/\/plugandgo.es\" target=\"_blank\" rel=\"noopener\">Plug&amp;Go<\/a>.<\/p>\n\n\n\n<p>Ven\u00edamos de eso, de hablar de tendencias, de apostar por un dise\u00f1o que avanzaba hacia espacios m\u00e1s biof\u00edlicos, informales y <strong>donde la ruptura hogar-trabajo, se iba difuminando<\/strong>. Pero no es realmente hasta ahora, muy impulsados por el cambio de rumbo que ha tra\u00eddo la crisis sanitaria del Covid, cuando nos hemos puesto en cuesti\u00f3n.<\/p>\n\n\n\n<h2 class=\"wp-block-heading\">Una nueva relaci\u00f3n en el dise\u00f1o de oficinas: cliente-arquitecto<\/h2>\n\n\n\n<p><strong>Cuestionar abre la puerta a una nueva relaci\u00f3n cliente-arquitecto<\/strong>, y es desde esa nueva relaci\u00f3n donde podemos empezar a plantear preguntas: \u00bfNecesito realmente una oficina tradicional?, \u00bfnecesitamos el mismo espacio seg\u00fan el perfil que tengo en mi empresa?, \u00bfcu\u00e1ntos d\u00edas vamos a la oficina?, \u00bfpara qu\u00e9 vamos a la oficina?, \u00bfc\u00f3mo nos organizamos y medimos nuestro trabajo?, \u00bfpuedo vivir en otro pa\u00eds y trabajar en otro diferente?, \u00bfpuedo ser un n\u00f3mada digital?, y el metaverso, \u00bfc\u00f3mo nos afecta y c\u00f3mo ser\u00e1 mi espacio en \u00e9l?. Todas estas preguntas har\u00e1n que busquemos el <a href=\"https:\/\/www.plugandgo.es\/crear-habitar-y-vivir-los-espacios-de-trabajo\/\" data-type=\"URL\" data-id=\"https:\/\/www.plugandgo.es\/crear-habitar-y-vivir-los-espacios-de-trabajo\/\">dise\u00f1o de oficinas \u00f3ptimo para cada empresa<\/a> o incluso departamento.<\/p>\n\n\n\n<h2 class=\"wp-block-heading\">Cuestionarnos, nos abre la puerta a la transformaci\u00f3n<\/h2>\n\n\n\n<p>Es evidente que <strong>estamos inmersos en un universo modular y verde<\/strong>. Modular porque ha de ser flexible, adaptarse a nosotros, a los cambios cada vez m\u00e1s continuos, debe servir como herramienta para facilitar, no para limitar. Y verde porque ha de estar integrado en la <strong>naturaleza<\/strong>, un elemento que cada vez somos m\u00e1s conscientes que requiere cuidado e integraci\u00f3n con la persona. De hecho, hablamos de <strong><a href=\"https:\/\/www.hogarmania.com\/cocina\/actualidad\/biofilia-greentecture-tendencias-para-acercar.html\" target=\"_blank\" rel=\"noreferrer noopener\">Greentecture<\/a><\/strong>&nbsp;o arquitectura verde que ayuda a promover espacios m\u00e1s sostenibles y en general un urbanismo cercano (la ciudad de los 15 minutos), en comuni\u00f3n y donde la naturaleza se disfruta sin salir de las ciudades. Un entorno conectado.<\/p>\n\n\n\n<figure class=\"wp-block-image size-full\"><img decoding=\"async\" src=\"https:\/\/www.plugandgo.es\/wp-content\/uploads\/2023\/03\/20220930-Martinez-Villegas-52-Madrid-43-HQ-1030x686-1.jpg\" alt=\"\" class=\"wp-image-6634\"\/><\/figure>\n\n\n\n<p>\u00bfC\u00f3mo este discurso afecta al mundo corporativo que vemos cada d\u00eda, de usuarios y propietarios? Por primera vez, el discurso es compartido. La rentabilidad no se ci\u00f1e al ratio euro\/m<sup>2<\/sup> sino al <strong>bienestar<\/strong>, un intangible que cotiza y que marca la diferencia y el valor de un activo.<\/p>\n\n\n\n<h2 class=\"wp-block-heading\">Flexibilidad, bienestar y naturaleza en las oficinas<\/h2>\n\n\n\n<p>Las compa\u00f1\u00edas se cuestionan y los due\u00f1os de los activos inmobiliarios tambi\u00e9n se cuestionan, abriendo al debate a espacios donde se rescatan <strong>3 pilares macro<\/strong>: <strong>flexibilidad, bienestar y naturaleza.<\/strong><\/p>\n\n\n\n<ul class=\"wp-block-list\">\n<li>Surge la <strong>flexibilidad<\/strong> como un espacio polivalente que crece, decrece y se relaciona con otros usos que no han de estar en la propia sede social. Se empieza a entender la sede social como un <strong>co-espacio<\/strong> que lo componen diferentes localizaciones: desde las oficinas centrales-el hogar-tercer lugar y espacios de co-working. <strong>La oficina se vuelve l\u00edquida<\/strong> ya no est\u00e1 enmarcada en unos metros cuadrados determinados. Empezamos a escuchar sobre el <strong>metaverso <\/strong>que no ser\u00e1 algo que elijamos, sino el siguiente paso del internet que conocemos.<\/li>\n\n\n\n<li>El <strong>bienestar <\/strong>deja de entenderse s\u00f3lo como un lugar acogedor, agradable y donde la alimentaci\u00f3n y deporte se favorezcan, dejan de ser un compendio de par\u00e1metros WELL que certificar o no. <strong>El bienestar se asocia a salud mental<\/strong>. Empezamos a ser conscientes de la necesidad de cuidar cuerpo y mente. Y esta <strong>visi\u00f3n hol\u00edstica<\/strong> abre el debate de la necesidad de utilizar el espacio corporativo como herramienta <strong>(neuroarquitectura).<\/strong> Cada vez vivimos m\u00e1s a\u00f1os, convivimos diferentes grupos generacionales que requieren pol\u00edticas de salud mental m\u00e1s dirigidas, tambi\u00e9n en el trabajo. Hablamos de inclusi\u00f3n, equidad e integraci\u00f3n generacional.<\/li>\n\n\n\n<li>La <strong>naturaleza<\/strong>, deja de entenderse como tendencia. La conciencia de la sociedad crece cada d\u00eda con un sentimiento&nbsp;firme de respeto hacia el entorno.&nbsp;Ense\u00f1ar a valorar lo que poseemos en vez de sustituirlo r\u00e1pidamente est\u00e1 generando un aut\u00e9ntico cambio cultural. Asistimos a un 2024 como la gran era del respeto, de la generaci\u00f3n de residuos cero y del upcycling.<\/li>\n<\/ul>\n","protected":false},"excerpt":{"rendered":"<p>Uno de los grandes cambios que se ha generado en el dise\u00f1o de oficinas en el momento actual, ha sido sin lugar a dudas, poner en cuesti\u00f3n el viejo modelo de trabajo como hemos hecho en Plug&amp;Go. Ven\u00edamos de eso, de hablar de tendencias, de apostar por un dise\u00f1o que avanzaba hacia espacios m\u00e1s biof\u00edlicos, [&hellip;]<\/p>\n","protected":false},"author":2,"featured_media":6641,"comment_status":"closed","ping_status":"closed","sticky":false,"template":"","format":"standard","meta":{"footnotes":""},"categories":[131],"tags":[],"class_list":["post-6626","post","type-post","status-publish","format-standard","has-post-thumbnail","hentry","category-arquitectura"],"_links":{"self":[{"href":"https:\/\/www.plugandgo.es\/en\/wp-json\/wp\/v2\/posts\/6626","targetHints":{"allow":["GET"]}}],"collection":[{"href":"https:\/\/www.plugandgo.es\/en\/wp-json\/wp\/v2\/posts"}],"about":[{"href":"https:\/\/www.plugandgo.es\/en\/wp-json\/wp\/v2\/types\/post"}],"author":[{"embeddable":true,"href":"https:\/\/www.plugandgo.es\/en\/wp-json\/wp\/v2\/users\/2"}],"replies":[{"embeddable":true,"href":"https:\/\/www.plugandgo.es\/en\/wp-json\/wp\/v2\/comments?post=6626"}],"version-history":[{"count":0,"href":"https:\/\/www.plugandgo.es\/en\/wp-json\/wp\/v2\/posts\/6626\/revisions"}],"wp:featuredmedia":[{"embeddable":true,"href":"https:\/\/www.plugandgo.es\/en\/wp-json\/wp\/v2\/media\/6641"}],"wp:attachment":[{"href":"https:\/\/www.plugandgo.es\/en\/wp-json\/wp\/v2\/media?parent=6626"}],"wp:term":[{"taxonomy":"category","embeddable":true,"href":"https:\/\/www.plugandgo.es\/en\/wp-json\/wp\/v2\/categories?post=6626"},{"taxonomy":"post_tag","embeddable":true,"href":"https:\/\/www.plugandgo.es\/en\/wp-json\/wp\/v2\/tags?post=6626"}],"curies":[{"name":"wp","href":"https:\/\/api.w.org\/{rel}","templated":true}]}}