{"id":6631,"date":"2016-04-29T06:54:05","date_gmt":"2016-04-29T06:54:05","guid":{"rendered":"http:\/\/plugexperience.es\/?p=87"},"modified":"2016-04-29T06:54:05","modified_gmt":"2016-04-29T06:54:05","slug":"el-legado-de-zaha-hadid","status":"publish","type":"post","link":"https:\/\/www.plugandgo.es\/en\/el-legado-de-zaha-hadid\/","title":{"rendered":"El legado de Zaha Hadid"},"content":{"rendered":"<p><strong>Cuatro de sus proyectos m\u00e1s singulares se inaugurar\u00e1n en lo que queda de a\u00f1o<\/strong><\/p>\n<p><img fetchpriority=\"high\" decoding=\"async\" class=\"aligncenter wp-image-88 \" src=\"https:\/\/www.plugandgo.es\/wp-content\/uploads\/2016\/04\/recurso-noticia-28_04_2016-1.jpg\" alt=\"recurso noticia 28_04_2016\" width=\"652\" height=\"342\" \/><\/p>\n<p>Tras la muerte de la reconocida arquitecta, el legado de Zaha Hadid se ha sopesado y discutido estos d\u00edas en peri\u00f3dicos y revistas y, sin duda, deber\u00e1 valorarse de nuevo pasado un tiempo. Para entonces, la herencia de la primera gran arquitecta global se habr\u00e1 ampliado. Como el Cid, que c\u00e9lebremente gan\u00f3 batallas despu\u00e9s de muerto, los trabajos que la autora del Maxxi de Roma ten\u00eda en marcha contin\u00faan aflorando tras su fallecimiento el pasado 30 de marzo.<\/p>\n<p>Desde su estudio en Londres informan de que, en lo que queda de a\u00f1o, la arquitecta angloiraqu\u00ed ten\u00eda previsto inaugurar cuatro de sus proyectos m\u00e1s singulares. As\u00ed tendremos por delante un a\u00f1o de inauguraciones de esta famosa arquitecta.<\/p>\n<p>En Italia, la terminal mar\u00edtima de Salerno comenzar\u00e1 a funcionar a finales de abril 2016, mientras que en B\u00e9lgica, las oficinas centrales del puerto de Amberes estar\u00e1n listas en septiembre. Un mes despu\u00e9s, en octubre el Centro de Investigaci\u00f3n del Petr\u00f3leo Rey Abdullah abrir\u00e1 sus puertas en Riad (Arabia Saud\u00ed). Y\u00a0 para cerrar con broche de oro la de menor tama\u00f1o pero tal vez la de mayor significado, las salas dedicadas a las Matem\u00e1ticas en el Museo de la Ciencia de Londres, donde Hadid vivi\u00f3 m\u00e1s de la mitad de su vida, estar\u00e1n listas en diciembre.<\/p>\n<p>M\u00e1s all\u00e1 de las obras que su estudio se ha volcado en terminar y continuar, sus colaboradores tienen pendiente un acto simb\u00f3lico: el traslado del estudio al antiguo edificio racionalista junto a la Torre de Londres que acog\u00eda hasta ahora al Museo del Dise\u00f1o y que la arquitecta adquiri\u00f3. Con ese mar de novedades p\u00f3stumas de fondo, las primeras piezas de ese legado han comenzado ya a presentarse.<\/p>\n<p>En el \u00faltimo Salone del mueble de Mil\u00e1n Hadid era, parad\u00f3jicamente, la gran ausente y, sin embargo, tambi\u00e9n la arquitecta m\u00e1s presente. Las firmas que ten\u00edan previsto lanzar sus \u00faltimos dise\u00f1os de mobiliario lo hicieron junto a grandes im\u00e1genes de la arquitecta a modo de homenaje, reclamo, o de ambos a la vez.<\/p>\n<p>As\u00ed, en el showroom de una empresa m\u00edtica, como la italiana Cassina \u2013que tiene en su cat\u00e1logo dise\u00f1os de Le Corbusier, Frank Lloyd Wright o Charlotte Perriand- Hadid estaba representada por la muy contenida butaca ZH One, que guardaba el sello de forma l\u00edquida (marca distintiva de la arquitecta) para sus patas.<\/p>\n<p>Tambi\u00e9n el stand de la firma Sawaya &amp; Moroni lo presid\u00eda el retrato de dame Zaha Hadid. Tras a\u00f1os de producir dise\u00f1os que convert\u00edan un sof\u00e1 o una silla en un mueble tan impactante como escurridizo -el sof\u00e1 Glacier data del a\u00f1o 2000-, esta primavera presentaban la mesa Mew de Hadid, fabricada en poliuretano de un \u00fanico color.<\/p>\n<p>En la feria, otras empresas expon\u00edan trabajos de la arquitecta. Los estantes de granito negro tallados a mano que bautiz\u00f3 como Valle y que, efectivamente, recuerdan a una cordillera los ha producido Citco. Tambi\u00e9n la austr\u00edaca Swarovski expon\u00eda centros de mesa firmados por Hadid.<\/p>\n<p>A tenor de su producci\u00f3n como dise\u00f1adora, en el momento en que falleci\u00f3 hab\u00eda pasado a formar parte de los pabellones de la feria de mobiliario m\u00e1s importante del mundo.    \t<\/p>\n","protected":false},"excerpt":{"rendered":"<p>Cuatro de sus proyectos m\u00e1s singulares se inaugurar\u00e1n en lo que queda de a\u00f1o Tras la muerte de la reconocida arquitecta, el legado de Zaha Hadid se ha sopesado y discutido estos d\u00edas en peri\u00f3dicos y revistas y, sin duda, deber\u00e1 valorarse de nuevo pasado un tiempo. Para entonces, la herencia de la primera gran [&hellip;]<\/p>\n","protected":false},"author":1,"featured_media":258,"comment_status":"open","ping_status":"open","sticky":false,"template":"","format":"standard","meta":{"footnotes":""},"categories":[132],"tags":[13,14,15],"class_list":["post-6631","post","type-post","status-publish","format-standard","has-post-thumbnail","hentry","category-actualidad","tag-exposicion-zaha-hadid","tag-proyectos-arquitectura-zaha-hadid","tag-zaha-hadid"],"_links":{"self":[{"href":"https:\/\/www.plugandgo.es\/en\/wp-json\/wp\/v2\/posts\/6631","targetHints":{"allow":["GET"]}}],"collection":[{"href":"https:\/\/www.plugandgo.es\/en\/wp-json\/wp\/v2\/posts"}],"about":[{"href":"https:\/\/www.plugandgo.es\/en\/wp-json\/wp\/v2\/types\/post"}],"author":[{"embeddable":true,"href":"https:\/\/www.plugandgo.es\/en\/wp-json\/wp\/v2\/users\/1"}],"replies":[{"embeddable":true,"href":"https:\/\/www.plugandgo.es\/en\/wp-json\/wp\/v2\/comments?post=6631"}],"version-history":[{"count":0,"href":"https:\/\/www.plugandgo.es\/en\/wp-json\/wp\/v2\/posts\/6631\/revisions"}],"wp:featuredmedia":[{"embeddable":true,"href":"https:\/\/www.plugandgo.es\/en\/wp-json\/wp\/v2\/media\/258"}],"wp:attachment":[{"href":"https:\/\/www.plugandgo.es\/en\/wp-json\/wp\/v2\/media?parent=6631"}],"wp:term":[{"taxonomy":"category","embeddable":true,"href":"https:\/\/www.plugandgo.es\/en\/wp-json\/wp\/v2\/categories?post=6631"},{"taxonomy":"post_tag","embeddable":true,"href":"https:\/\/www.plugandgo.es\/en\/wp-json\/wp\/v2\/tags?post=6631"}],"curies":[{"name":"wp","href":"https:\/\/api.w.org\/{rel}","templated":true}]}}