{"id":6634,"date":"2016-06-17T11:07:25","date_gmt":"2016-06-17T11:07:25","guid":{"rendered":"http:\/\/plugexperience.es\/?p=163"},"modified":"2016-06-17T11:07:25","modified_gmt":"2016-06-17T11:07:25","slug":"innovaciones-2016","status":"publish","type":"post","link":"https:\/\/www.plugandgo.es\/en\/innovaciones-2016\/","title":{"rendered":"Geberit presenta en Madrid sus innovaciones 2016 para el sector del ba\u00f1o"},"content":{"rendered":"<h6><strong><span style=\"color: #000000;\"><a style=\"color: #000000;\" href=\"http:\/\/www.grupovia.net\/\" target=\"_blank\" rel=\"noopener\">Grupo V\u00eda<\/a> y <a style=\"color: #000000;\" href=\"http:\/\/www.geberit.es\/es_es\/index.html\" target=\"_blank\" rel=\"noopener\">Geberit<\/a> re\u00fanen a un selecto grupo de interioristas de Madrid en una visita profesional al centro de informaci\u00f3n de la marca<\/span> en la ciudad.<\/strong><\/h6>\n<p>El pasado mi\u00e9rcoles 15 de junio tuvo lugar esta visita profesional al Centro T\u00e9cnico de Geberit en Madrid. En ella, la firma suiza mostr\u00f3 sus principales innovaciones en tecnolog\u00eda sanitaria en el \u00e1mbito de los canales para ducha; analiz\u00f3 las ventajas de los sistemas de cisternas empotradas, y present\u00f3 la novedad de Geberit DuoFresh: una revolucionaria soluci\u00f3n para combatir los malos olores.<\/p>\n<p><img fetchpriority=\"high\" decoding=\"async\" class=\"aligncenter size-full wp-image-164\" src=\"https:\/\/www.plugandgo.es\/wp-content\/uploads\/2016\/06\/Captura-de-pantalla-2016-06-17-a-las-12.58.09-1.png\" alt=\"innovaciones 2016\" width=\"647\" height=\"428\" \/><\/p>\n<p><span style=\"color: #000000;\">Este evento, patrocinado por Geberit y organizado por Grupo V\u00eda, reuni\u00f3 a un destacado grupo de profesionales del sector del interiorismo. Acudieron: <strong>Mar\u00eda de la Osa<\/strong> (<strong><a style=\"color: #000000;\" href=\"http:\/\/mariadelaosa.com\/\" target=\"_blank\" rel=\"noopener\">After L<\/a><\/strong>), <strong>Jean Porsche<\/strong> (<strong><a style=\"color: #000000;\" href=\"http:\/\/www.xsche.es\/\" target=\"_blank\" rel=\"noopener\">Xsche),<\/a><\/strong> <strong>H\u00e9ctor Ruiz Vel\u00e1zquez<\/strong> (<strong><a style=\"color: #000000;\" href=\"http:\/\/www.ruizvelazquez.com\/\" target=\"_blank\" rel=\"noopener\">Ruiz Vel\u00e1zquez Architecture &amp; Design Team<\/a><\/strong>), <strong>Alfonso Merry<\/strong> (<strong><a style=\"color: #000000;\" href=\"http:\/\/merry.es\/\" target=\"_blank\" rel=\"noopener\">Merry Design Studio<\/a><\/strong>), <strong>Paloma Pacheco<\/strong> (<strong><a style=\"color: #000000;\" href=\"http:\/\/palomapachecoturnes.com\/\" target=\"_blank\" rel=\"noopener\">Paloma Pacheco Estilista Deco<\/a><\/strong>), <strong>Carolina Fern\u00e1ndez Catal\u00e1n<\/strong> (<strong><a style=\"color: #000000;\" href=\"http:\/\/www.rafaeldelahoz.com\/es\/\" target=\"_blank\" rel=\"noopener\">Rafael de La-Hoz Arquitectos<\/a><\/strong>), <strong>Juli\u00e1n Gallego<\/strong> (<strong><a style=\"color: #000000;\" href=\"http:\/\/www.juliangallego.com\/\" target=\"_blank\" rel=\"noopener\">Juli\u00e1n Gallego Estudio<\/a><\/strong>) y <strong>\u00d3scar Herrando<\/strong> (<strong><a style=\"color: #000000;\" href=\"https:\/\/www.plugandgo.es\/\" target=\"_blank\" rel=\"noopener\">Plug &amp; Go<\/a><\/strong>).<\/span><\/p>\n<p>Tras la visita al Centro de Informaci\u00f3n de Geberit, el evento finaliz\u00f3 con una velada gastron\u00f3mica en el Hotel NH Nacional en el Paseo del Prado 48.    \t<\/p>\n","protected":false},"excerpt":{"rendered":"<p>Grupo V\u00eda y Geberit re\u00fanen a un selecto grupo de interioristas de Madrid en una visita profesional al centro de informaci\u00f3n de la marca en la ciudad. El pasado mi\u00e9rcoles 15 de junio tuvo lugar esta visita profesional al Centro T\u00e9cnico de Geberit en Madrid. En ella, la firma suiza mostr\u00f3 sus principales innovaciones en [&hellip;]<\/p>\n","protected":false},"author":1,"featured_media":266,"comment_status":"open","ping_status":"open","sticky":false,"template":"","format":"standard","meta":{"footnotes":""},"categories":[133],"tags":[],"class_list":["post-6634","post","type-post","status-publish","format-standard","has-post-thumbnail","hentry","category-noticias"],"_links":{"self":[{"href":"https:\/\/www.plugandgo.es\/en\/wp-json\/wp\/v2\/posts\/6634","targetHints":{"allow":["GET"]}}],"collection":[{"href":"https:\/\/www.plugandgo.es\/en\/wp-json\/wp\/v2\/posts"}],"about":[{"href":"https:\/\/www.plugandgo.es\/en\/wp-json\/wp\/v2\/types\/post"}],"author":[{"embeddable":true,"href":"https:\/\/www.plugandgo.es\/en\/wp-json\/wp\/v2\/users\/1"}],"replies":[{"embeddable":true,"href":"https:\/\/www.plugandgo.es\/en\/wp-json\/wp\/v2\/comments?post=6634"}],"version-history":[{"count":0,"href":"https:\/\/www.plugandgo.es\/en\/wp-json\/wp\/v2\/posts\/6634\/revisions"}],"wp:featuredmedia":[{"embeddable":true,"href":"https:\/\/www.plugandgo.es\/en\/wp-json\/wp\/v2\/media\/266"}],"wp:attachment":[{"href":"https:\/\/www.plugandgo.es\/en\/wp-json\/wp\/v2\/media?parent=6634"}],"wp:term":[{"taxonomy":"category","embeddable":true,"href":"https:\/\/www.plugandgo.es\/en\/wp-json\/wp\/v2\/categories?post=6634"},{"taxonomy":"post_tag","embeddable":true,"href":"https:\/\/www.plugandgo.es\/en\/wp-json\/wp\/v2\/tags?post=6634"}],"curies":[{"name":"wp","href":"https:\/\/api.w.org\/{rel}","templated":true}]}}