{"id":6637,"date":"2016-07-27T12:08:00","date_gmt":"2016-07-27T12:08:00","guid":{"rendered":"http:\/\/plugexperience.es\/?p=218"},"modified":"2016-07-27T12:08:00","modified_gmt":"2016-07-27T12:08:00","slug":"color-corporativo","status":"publish","type":"post","link":"https:\/\/www.plugandgo.es\/en\/color-corporativo\/","title":{"rendered":"Dime tu color y te dir\u00e9 c\u00f3mo act\u00faas"},"content":{"rendered":"<h4><\/h4>\n<p>\u201c\u00bfCu\u00e1l es tu color preferido?\u201d As\u00ed podr\u00eda comenzar la lluvia de ideas de cualquier reuni\u00f3n para decidir el logo de una compa\u00f1\u00eda, la imagen de sus oficinas o su color corporativo. En cambio, la elecci\u00f3n del color no es, ni mucho menos, una decisi\u00f3n que pueda tomarse a la ligera.<\/p>\n<p>Cada color transmite unas sensaciones y un efecto diferente en la conducta humana, tanto es as\u00ed que existe todo un campo de estudio dedicado a analizar estas cuestiones. El azul cielo inspira serenidad; el banco, pureza; el naranja, diversi\u00f3n; el rojo, energ\u00eda\u2026 Este \u00faltimo, tan utilizado en publicidad y branding, est\u00e1 destinado a generar excitaci\u00f3n y agitaci\u00f3n. Por eso, en interiorismo no ser\u00eda tan conveniente utilizarlo sin sentido en cualquier espacio.<\/p>\n<p>La elecci\u00f3n del color es clave. Y lo es tambi\u00e9n cuando desarrollamos el concepto de dise\u00f1o de una implantaci\u00f3n. Es importante tener esto en cuenta, ya que <strong>el color de la oficina es uno de los aspectos que pueden hacer mejorar la productividad y bienestar de los trabajadores<\/strong>.<\/p>\n<p>[Tweet &#8220;El #color elegido en la #oficina es clave en la #productividad de los empleados&#8221;]<\/p>\n<p>Buceando en investigaciones que puedan avalar la importancia en la elecci\u00f3n del color en los espacios de trabajo, nos encontramos con una reciente investigaci\u00f3n. Un estudio, realizado por la Universidad de Texas, en Estados Unidos, y publicado por la revista Fast Company, revela resultados sorprendentes.<\/p>\n<p>Este estudio trabaj\u00f3 sobre grupos de tres personas y les someti\u00f3 a medici\u00f3n de productividad en espacios pintados en diferentes colores. Los resultados sostienen que las personas que trabajaron sobre un espacio en blanco fueron menos \u00e1giles, creativas y productivas que los grupos que lo hicieron en aguamarina y rojo.<\/p>\n<p>\u00bfCurioso? Nancy Kwallet, l\u00edder del estudio mencionado, argumenta que <strong>el color blanco, as\u00ed como su casi opuesto \u2013el gris-, no motivan la productividad<\/strong><strong>.<\/strong> Llama tremendamente la atenci\u00f3n este hecho, puesto que si pensamos en los espacios de trabajo, veremos que la gran mayor\u00eda son blancos o grises. M\u00e1s a\u00fan, si ponemos atenci\u00f3n en el dise\u00f1o de hace 10 a\u00f1os, donde la moda minimalista de espacios blancos se impuso.<\/p>\n<p>Si tuvi\u00e9ramos que dise\u00f1ar un manual que nos permitiera conceptualizar y crear espacios de trabajo m\u00e1s beneficiosos, podr\u00edamos aplicar la siguiente matriz: color-espacio-tipo asociado.<\/p>\n<p>&nbsp;<\/p>\n<p><img fetchpriority=\"high\" decoding=\"async\" class=\"aligncenter size-full wp-image-219\" src=\"https:\/\/www.plugandgo.es\/wp-content\/uploads\/2016\/07\/Captura-de-pantalla-2016-07-18-a-las-14.24.12-1.png\" alt=\"color corporativo\" width=\"812\" height=\"304\" \/><\/p>\n<p>&nbsp;<\/p>\n<p><strong>Una forma m\u00e1s de generar experiencia de cliente es asegurarnos aplicar color en las zonas destinadas a estimular y fomentar la creatividad del equipo.<\/strong>    \t<\/p>\n","protected":false},"excerpt":{"rendered":"<p>\u201c\u00bfCu\u00e1l es tu color preferido?\u201d As\u00ed podr\u00eda comenzar la lluvia de ideas de cualquier reuni\u00f3n para decidir el logo de una compa\u00f1\u00eda, la imagen de sus oficinas o su color corporativo. En cambio, la elecci\u00f3n del color no es, ni mucho menos, una decisi\u00f3n que pueda tomarse a la ligera. Cada color transmite unas sensaciones [&hellip;]<\/p>\n","protected":false},"author":1,"featured_media":1484,"comment_status":"open","ping_status":"open","sticky":false,"template":"","format":"standard","meta":{"footnotes":""},"categories":[132,134],"tags":[30,19,20,21],"class_list":["post-6637","post","type-post","status-publish","format-standard","has-post-thumbnail","hentry","category-actualidad","category-diseno","tag-color-corporativo","tag-diseno","tag-experiencia-de-cliente","tag-oficina"],"_links":{"self":[{"href":"https:\/\/www.plugandgo.es\/en\/wp-json\/wp\/v2\/posts\/6637","targetHints":{"allow":["GET"]}}],"collection":[{"href":"https:\/\/www.plugandgo.es\/en\/wp-json\/wp\/v2\/posts"}],"about":[{"href":"https:\/\/www.plugandgo.es\/en\/wp-json\/wp\/v2\/types\/post"}],"author":[{"embeddable":true,"href":"https:\/\/www.plugandgo.es\/en\/wp-json\/wp\/v2\/users\/1"}],"replies":[{"embeddable":true,"href":"https:\/\/www.plugandgo.es\/en\/wp-json\/wp\/v2\/comments?post=6637"}],"version-history":[{"count":0,"href":"https:\/\/www.plugandgo.es\/en\/wp-json\/wp\/v2\/posts\/6637\/revisions"}],"wp:featuredmedia":[{"embeddable":true,"href":"https:\/\/www.plugandgo.es\/en\/wp-json\/wp\/v2\/media\/1484"}],"wp:attachment":[{"href":"https:\/\/www.plugandgo.es\/en\/wp-json\/wp\/v2\/media?parent=6637"}],"wp:term":[{"taxonomy":"category","embeddable":true,"href":"https:\/\/www.plugandgo.es\/en\/wp-json\/wp\/v2\/categories?post=6637"},{"taxonomy":"post_tag","embeddable":true,"href":"https:\/\/www.plugandgo.es\/en\/wp-json\/wp\/v2\/tags?post=6637"}],"curies":[{"name":"wp","href":"https:\/\/api.w.org\/{rel}","templated":true}]}}