{"id":6639,"date":"2016-09-08T10:44:30","date_gmt":"2016-09-08T10:44:30","guid":{"rendered":"http:\/\/plugexperience.es\/?p=234"},"modified":"2016-09-08T10:44:30","modified_gmt":"2016-09-08T10:44:30","slug":"transformacion-de-la-oficina-rethink-barcelona","status":"publish","type":"post","link":"https:\/\/www.plugandgo.es\/en\/transformacion-de-la-oficina-rethink-barcelona\/","title":{"rendered":"La transformaci\u00f3n de la oficina | Rethink Barcelona"},"content":{"rendered":"<p>&nbsp;<\/p>\n<h4>\u00bfC\u00f3mo se est\u00e1n transformando las oficinas?<\/h4>\n<p>\u00bfAcaso este contexto en continuo cambio est\u00e1 afectando a nuestros espacios de trabajo?<\/p>\n<p><strong>La evoluci\u00f3n tecnol\u00f3gica, la flexibilidad de las estructuras empresariales y la descentralizaci\u00f3n est\u00e1n causando una constante transformaci\u00f3n de la oficina.<\/strong> El pr\u00f3ximo 20 de septiembre se celebrar\u00e1 en Barcelona una <a href=\"http:\/\/www.grupovia.net\/index.php\/eventos\/675-oficinas-rethink-barcelona-20-de-septiembre-2016\" target=\"_blank\" rel=\"noopener\">jornada destinada a debatir sobre este tema<\/a>, y <a href=\"https:\/\/plugandgo.es\/#xl_xr_page_index\" target=\"_blank\" rel=\"noopener\"><strong>Plug &amp; Go<\/strong><\/a> estar\u00e1 all\u00ed.<\/p>\n<p>&nbsp;<\/p>\n<h6>Rethink Barcelona<\/h6>\n<p>&nbsp;<\/p>\n<p><img fetchpriority=\"high\" decoding=\"async\" class=\"aligncenter size-large wp-image-236\" src=\"https:\/\/www.plugandgo.es\/wp-content\/uploads\/2016\/09\/Captura-de-pantalla-2016-09-07-a-las-13.25.25-1024x452-1.png\" alt=\"Captura de pantalla 2016-09-07 a las 13.25.25\" width=\"890\" height=\"393\" \/><\/p>\n<p>Organizado por el <a href=\"http:\/\/www.grupovia.net\" target=\"_blank\" rel=\"noopener\">Grupo V\u00eda<\/a>, este <a href=\"http:\/\/www.grupovia.net\/index.php\/eventos\/675-oficinas-rethink-barcelona-20-de-septiembre-2016\" target=\"_blank\" rel=\"noopener\">evento<\/a> contar\u00e1 con diferentes ponencias de la mano de estudios de arquitectura e interiorismo de primera fila. <a href=\"https:\/\/www.google.es\/maps\/place\/Av.+Diagonal,+440,+08037+Barcelona\/@41.3970946,2.1587119,17z\/data=!3m1!4b1!4m5!3m4!1s0x12a4a294151d8387:0x328f0a6c8f3f1525!8m2!3d41.3970946!4d2.1609006\" target=\"_blank\" rel=\"noopener\">All\u00ed<\/a>, se expondr\u00e1n algunos de los \u00faltimos proyectos en marcha en este sector y a la vez se profundizar\u00e1 en temas como la <strong>rehabilitaci\u00f3n, la b\u00fasqueda de la eficiencia y sostenibilidad, la identidad corporativa, el I+D+i, la internacionalizaci\u00f3n y la transmisi\u00f3n de valores de marca.<\/strong><\/p>\n<p><a href=\"https:\/\/www.linkedin.com\/in\/covadonga-gonz%C3%A1lez-quintana-696597a\" target=\"_blank\" rel=\"noopener\">Covadonga G. Quintana<\/a>, socia y directora de <a href=\"https:\/\/plugandgo.es\/#xl_xr_page_index\" target=\"_blank\" rel=\"noopener\">Plug &amp; Go<\/a>, hablar\u00e1 de la experiencia de cliente en los nuevos espacios de trabajo y presentar\u00e1 varios de su proyectos m\u00e1s recientes. El evento finalizar\u00e1 con un debate con todos los ponentes.    \t<\/p>\n","protected":false},"excerpt":{"rendered":"<p>&nbsp; \u00bfC\u00f3mo se est\u00e1n transformando las oficinas? \u00bfAcaso este contexto en continuo cambio est\u00e1 afectando a nuestros espacios de trabajo? La evoluci\u00f3n tecnol\u00f3gica, la flexibilidad de las estructuras empresariales y la descentralizaci\u00f3n est\u00e1n causando una constante transformaci\u00f3n de la oficina. El pr\u00f3ximo 20 de septiembre se celebrar\u00e1 en Barcelona una jornada destinada a debatir sobre [&hellip;]<\/p>\n","protected":false},"author":1,"featured_media":1488,"comment_status":"open","ping_status":"open","sticky":false,"template":"","format":"standard","meta":{"footnotes":""},"categories":[132,131],"tags":[26,20,21,27],"class_list":["post-6639","post","type-post","status-publish","format-standard","has-post-thumbnail","hentry","category-actualidad","category-arquitectura","tag-evento","tag-experiencia-de-cliente","tag-oficina","tag-pluggo"],"_links":{"self":[{"href":"https:\/\/www.plugandgo.es\/en\/wp-json\/wp\/v2\/posts\/6639","targetHints":{"allow":["GET"]}}],"collection":[{"href":"https:\/\/www.plugandgo.es\/en\/wp-json\/wp\/v2\/posts"}],"about":[{"href":"https:\/\/www.plugandgo.es\/en\/wp-json\/wp\/v2\/types\/post"}],"author":[{"embeddable":true,"href":"https:\/\/www.plugandgo.es\/en\/wp-json\/wp\/v2\/users\/1"}],"replies":[{"embeddable":true,"href":"https:\/\/www.plugandgo.es\/en\/wp-json\/wp\/v2\/comments?post=6639"}],"version-history":[{"count":0,"href":"https:\/\/www.plugandgo.es\/en\/wp-json\/wp\/v2\/posts\/6639\/revisions"}],"wp:featuredmedia":[{"embeddable":true,"href":"https:\/\/www.plugandgo.es\/en\/wp-json\/wp\/v2\/media\/1488"}],"wp:attachment":[{"href":"https:\/\/www.plugandgo.es\/en\/wp-json\/wp\/v2\/media?parent=6639"}],"wp:term":[{"taxonomy":"category","embeddable":true,"href":"https:\/\/www.plugandgo.es\/en\/wp-json\/wp\/v2\/categories?post=6639"},{"taxonomy":"post_tag","embeddable":true,"href":"https:\/\/www.plugandgo.es\/en\/wp-json\/wp\/v2\/tags?post=6639"}],"curies":[{"name":"wp","href":"https:\/\/api.w.org\/{rel}","templated":true}]}}