{"id":9709,"date":"2023-04-26T06:26:46","date_gmt":"2023-04-26T06:26:46","guid":{"rendered":"https:\/\/www.plugandgo.es\/?p=9709"},"modified":"2023-06-13T09:45:41","modified_gmt":"2023-06-13T09:45:41","slug":"arquitectura-verde-oficinas-integradas-en-la-naturaleza-y-que-nos-conectan-con-ella","status":"publish","type":"post","link":"https:\/\/www.plugandgo.es\/en\/arquitectura-verde-oficinas-integradas-en-la-naturaleza-y-que-nos-conectan-con-ella\/","title":{"rendered":"Arquitectura verde, oficinas integradas en la naturaleza y que nos conectan con ella"},"content":{"rendered":"\n<figure class=\"wp-block-image size-large\"><img fetchpriority=\"high\" decoding=\"async\" width=\"1024\" height=\"682\" src=\"https:\/\/www.plugandgo.es\/wp-content\/uploads\/2023\/05\/20221122-Ulises-16-Madrid-Edifico-ARBOR-8-HQ-1030x686-1-1024x682.jpg\" alt=\"\" class=\"wp-image-9710\" srcset=\"https:\/\/www.plugandgo.es\/wp-content\/uploads\/2023\/05\/20221122-Ulises-16-Madrid-Edifico-ARBOR-8-HQ-1030x686-1-1024x682.jpg 1024w, https:\/\/www.plugandgo.es\/wp-content\/uploads\/2023\/05\/20221122-Ulises-16-Madrid-Edifico-ARBOR-8-HQ-1030x686-1-760x506.jpg 760w, https:\/\/www.plugandgo.es\/wp-content\/uploads\/2023\/05\/20221122-Ulises-16-Madrid-Edifico-ARBOR-8-HQ-1030x686-1-300x200.jpg 300w, https:\/\/www.plugandgo.es\/wp-content\/uploads\/2023\/05\/20221122-Ulises-16-Madrid-Edifico-ARBOR-8-HQ-1030x686-1-768x512.jpg 768w, https:\/\/www.plugandgo.es\/wp-content\/uploads\/2023\/05\/20221122-Ulises-16-Madrid-Edifico-ARBOR-8-HQ-1030x686-1.jpg 1030w\" sizes=\"(max-width: 1024px) 100vw, 1024px\" \/><\/figure>\n\n\n\n<p>Las ciudades est\u00e1n cambiando. Estamos viendo el auge de conceptos como modularidad, versatilidad, usos m\u00faltiples y microliving, es decir, una forma de vida que en los \u00faltimos a\u00f1os est\u00e1n adoptando los profesionales j\u00f3venes que <strong>quieren vivir en lugares bien conectados y a los que no les importa el tama\u00f1o de su vivienda<\/strong>. La ubicaci\u00f3n c\u00e9ntrica caracteriza al <em>microliving<\/em> y es una ventaja para quienes quieren tener desplazamientos m\u00e1s cortos.&nbsp;<\/p>\n\n\n\n<p>Y todo ello bajo el paraguas de un urbanismo sostenible y un tipo espec\u00edfico de arquitectura: la <strong>arquitectura verde<\/strong>. Tambi\u00e9n y especialmente en oficinas.<\/p>\n\n\n\n<p>La arquitectura verde ayuda a promover espacios m\u00e1s sostenibles, a reducir la temperatura en las urbes y mitigar la contaminaci\u00f3n, y en general<strong> promueve un urbanismo cercano y donde la naturaleza se disfruta sin salir de las ciudades<\/strong>.<\/p>\n\n\n\n<p>A veces una planta es suficiente para recordarnos la conexi\u00f3n innata que los seres humanos hemos desarrollado a lo largo de los siglos por el entorno natural. Queremos recuperar esa relaci\u00f3n, tambi\u00e9n en el lugar donde m\u00e1s horas de nuestra vida pasamos, la oficina.<\/p>\n\n\n\n<figure class=\"wp-block-image aligncenter size-large is-resized\"><img decoding=\"async\" src=\"https:\/\/www.plugandgo.es\/wp-content\/uploads\/2021\/11\/2019-064-2-1030x687-1030x687.jpg?_t=1682587076\" alt=\"\" class=\"wp-image-5739\" width=\"564\" height=\"376\"\/><figcaption class=\"wp-element-caption\">KONICA MINOLTA &#8211; plug&amp;go<\/figcaption><\/figure>\n\n\n\n<h2 class=\"wp-block-heading\">Personas y naturaleza, conectadas en el espacio de trabajo<\/h2>\n\n\n\n<p>Por ello, la arquitectura corporativa ya no se entiende si no es \u201cverde\u201d. Por lo menos, este es el planteamiento de <a href=\"https:\/\/www.plugandgo.es\/contacto\/\" data-type=\"page\" data-id=\"23\" target=\"_blank\" rel=\"noreferrer noopener\">plug&amp;go<\/a>. Entornos laborales de una tenue complejidad, flexibles, modulares e integrados con la naturaleza.<\/p>\n\n\n\n<p>Trabajar con materias primas naturales e investigar las innovaciones materiales que pueden circular completamente en el ciclo biol\u00f3gico, son dos prioridades en las que se est\u00e1 poniendo el foco, por ejemplo.<\/p>\n\n\n\n<p>Pero la arquitectura verde no es solo una forma de hacer arquitectura, de proyectar y de construir teniendo en cuenta variables de impacto medioambiental. Ni mucho menos una tendencia. <strong>Es un estilo de vida<\/strong>.<\/p>\n\n\n\n<p>La arquitectura verde transforma la arquitectura para crear un entorno m\u00e1s habitable y m\u00e1s sensorial, <strong>donde todo lo que rodea est\u00e1 conectado, naturaleza y ser humano<\/strong>.<\/p>\n\n\n\n<p>El ser &#8220;verde&#8221; no es \u00fanicamente usar estos colores o sembrar \u00e1rboles alrededor de nuestro edificio o en el interior de la oficina. Este modo de vida va m\u00e1s all\u00e1. Aunque bebe de la sostenibilidad, este tipo de arquitectura busca <strong>la integraci\u00f3n de la vida cotidiana de las personas en la naturaleza<\/strong>, y en comuni\u00f3n con el resto de los seres vivos. Por ello, tiene en cuenta especialmente el bienestar emocional de las personas.<\/p>\n\n\n\n<figure class=\"wp-block-image aligncenter size-large is-resized\"><img decoding=\"async\" src=\"https:\/\/www.plugandgo.es\/wp-content\/uploads\/2023\/05\/EdificioArbor-b-1-1024x683.jpg\" alt=\"\" class=\"wp-image-9566\" width=\"565\" height=\"376\" srcset=\"https:\/\/www.plugandgo.es\/wp-content\/uploads\/2023\/05\/EdificioArbor-b-1-1024x683.jpg 1024w, https:\/\/www.plugandgo.es\/wp-content\/uploads\/2023\/05\/EdificioArbor-b-1-760x507.jpg 760w, https:\/\/www.plugandgo.es\/wp-content\/uploads\/2023\/05\/EdificioArbor-b-1-1030x686.jpg 1030w, https:\/\/www.plugandgo.es\/wp-content\/uploads\/2023\/05\/EdificioArbor-b-1-300x200.jpg 300w, https:\/\/www.plugandgo.es\/wp-content\/uploads\/2023\/05\/EdificioArbor-b-1-768x512.jpg 768w, https:\/\/www.plugandgo.es\/wp-content\/uploads\/2023\/05\/EdificioArbor-b-1-1536x1024.jpg 1536w, https:\/\/www.plugandgo.es\/wp-content\/uploads\/2023\/05\/EdificioArbor-b-1.jpg 2048w\" sizes=\"(max-width: 565px) 100vw, 565px\" \/><figcaption class=\"wp-element-caption\">Edificio ANBOR &#8211; plug&amp;go<\/figcaption><\/figure>\n\n\n\n<h3 class=\"wp-block-heading\"><strong>Precursores de la arquitectura verde<\/strong><\/h3>\n\n\n\n<p>\u201cHay una imperiosa necesidad de volver a la tierra, palparla, olerla\u201d, dijo el pintor, escultor y proyectista <strong>C\u00e9sar Manrique<\/strong>. Tambi\u00e9n otro de los grandes, <strong>Alvar Aalto <\/strong>convirti\u00f3 al paisaje en su inspiraci\u00f3n. \u201cLa forma debe tener un contenido y ese contenido debe estar vinculado con la naturaleza\u201d.<\/p>\n\n\n\n<p>Aunque no fueron los \u00fanicos, Aalto y Manrique fueron dos precursores de la creaci\u00f3n en contacto con la naturaleza, de la arquitectura verde.<\/p>\n\n\n\n<p>Ese v\u00ednculo con la naturaleza condicion\u00f3 en gran medida la manera de entender la arquitectura de <strong>Frank Lloyd Wright<\/strong>, considerado como el mejor arquitecto norteamericano del siglo XX. \u201cUna arquitectura que se desarrolla desde dentro hacia afuera <strong>en armon\u00eda con las condiciones de su ser,<\/strong> diferenci\u00e1ndola de aquella que viene aplicada desde afuera\u201d.<\/p>\n\n\n\n<p>Lloyd Wright pensaba que <strong>la arquitectura org\u00e1nica que defend\u00eda<\/strong> deber\u00eda ser apropiada para el tiempo y el lugar donde iba a ser creada, de acuerdo con los estilos de la vida y las necesidades de las personas; usar los materiales y procesos disponibles en ese momento; y tambi\u00e9n ser vanguardista a la hora de hacer una planificaci\u00f3n medioambiental.<\/p>\n\n\n\n<p>Solo as\u00ed, surgen espacios conectados, que buscan la convergencia entre <strong>trabajo colaborativo, sostenibilidad y h\u00e1bitos saludables<\/strong>. Oficinas con prop\u00f3sito.<\/p>\n\n\n\n<h2 class=\"wp-block-heading\">&nbsp;<\/h2>\n","protected":false},"excerpt":{"rendered":"<p>Las ciudades est\u00e1n cambiando. Estamos viendo el auge de conceptos como modularidad, versatilidad, usos m\u00faltiples y microliving, es decir, una forma de vida que en los \u00faltimos a\u00f1os est\u00e1n adoptando los profesionales j\u00f3venes que quieren vivir en lugares bien conectados y a los que no les importa el tama\u00f1o de su vivienda. La ubicaci\u00f3n c\u00e9ntrica [&hellip;]<\/p>\n","protected":false},"author":1,"featured_media":9710,"comment_status":"open","ping_status":"open","sticky":false,"template":"","format":"standard","meta":{"footnotes":""},"categories":[131],"tags":[],"class_list":["post-9709","post","type-post","status-publish","format-standard","has-post-thumbnail","hentry","category-arquitectura"],"_links":{"self":[{"href":"https:\/\/www.plugandgo.es\/en\/wp-json\/wp\/v2\/posts\/9709","targetHints":{"allow":["GET"]}}],"collection":[{"href":"https:\/\/www.plugandgo.es\/en\/wp-json\/wp\/v2\/posts"}],"about":[{"href":"https:\/\/www.plugandgo.es\/en\/wp-json\/wp\/v2\/types\/post"}],"author":[{"embeddable":true,"href":"https:\/\/www.plugandgo.es\/en\/wp-json\/wp\/v2\/users\/1"}],"replies":[{"embeddable":true,"href":"https:\/\/www.plugandgo.es\/en\/wp-json\/wp\/v2\/comments?post=9709"}],"version-history":[{"count":0,"href":"https:\/\/www.plugandgo.es\/en\/wp-json\/wp\/v2\/posts\/9709\/revisions"}],"wp:featuredmedia":[{"embeddable":true,"href":"https:\/\/www.plugandgo.es\/en\/wp-json\/wp\/v2\/media\/9710"}],"wp:attachment":[{"href":"https:\/\/www.plugandgo.es\/en\/wp-json\/wp\/v2\/media?parent=9709"}],"wp:term":[{"taxonomy":"category","embeddable":true,"href":"https:\/\/www.plugandgo.es\/en\/wp-json\/wp\/v2\/categories?post=9709"},{"taxonomy":"post_tag","embeddable":true,"href":"https:\/\/www.plugandgo.es\/en\/wp-json\/wp\/v2\/tags?post=9709"}],"curies":[{"name":"wp","href":"https:\/\/api.w.org\/{rel}","templated":true}]}}