{"id":9712,"date":"2023-05-30T06:29:08","date_gmt":"2023-05-30T06:29:08","guid":{"rendered":"https:\/\/www.plugandgo.es\/?p=9712"},"modified":"2023-06-26T14:59:35","modified_gmt":"2023-06-26T14:59:35","slug":"nuevo-dossier-de-proyectos-que-ilustran-el-futuro-que-empieza-hoy","status":"publish","type":"post","link":"https:\/\/www.plugandgo.es\/en\/nuevo-dossier-de-proyectos-que-ilustran-el-futuro-que-empieza-hoy\/","title":{"rendered":"Nuevo dossier de proyectos que ilustran 'El futuro que empieza hoy'"},"content":{"rendered":"\n<p><strong>plug&amp;go<\/strong> acaba de publicar su cuarto recopilatorio de proyectos de arquitectura corporativa. Bajo el t\u00edtulo &#8220;<a href=\"https:\/\/mailchi.mp\/67fe72d8a45a\/1orm3gypny\" target=\"_blank\" rel=\"noreferrer noopener\"><strong>El futuro que empieza hoy<\/strong><\/a>&#8220;, este nuevo dossier de proyectos expone 10 reportajes gr\u00e1ficos de espacios corporativos, realizados por plug&amp;go, para el que hemos dise\u00f1ado una lista de <a href=\"https:\/\/open.spotify.com\/playlist\/4pe1MLQJMp8v8VIQvZUeUA?si=4Geh-3bVRIe7_wzWERIWOA&amp;nd=1\" target=\"_blank\" rel=\"noreferrer noopener\">Spotify<\/a>.<\/p>\n\n\n\n<figure class=\"wp-block-image size-large\"><img fetchpriority=\"high\" decoding=\"async\" width=\"1024\" height=\"536\" src=\"https:\/\/www.plugandgo.es\/wp-content\/uploads\/2023\/05\/cuarto-Dossier-pluggo-1024x536.png\" alt=\"\" class=\"wp-image-9713\" srcset=\"https:\/\/www.plugandgo.es\/wp-content\/uploads\/2023\/05\/cuarto-Dossier-pluggo-1024x536.png 1024w, https:\/\/www.plugandgo.es\/wp-content\/uploads\/2023\/05\/cuarto-Dossier-pluggo-760x398.png 760w, https:\/\/www.plugandgo.es\/wp-content\/uploads\/2023\/05\/cuarto-Dossier-pluggo-300x157.png 300w, https:\/\/www.plugandgo.es\/wp-content\/uploads\/2023\/05\/cuarto-Dossier-pluggo-768x402.png 768w, https:\/\/www.plugandgo.es\/wp-content\/uploads\/2023\/05\/cuarto-Dossier-pluggo-1030x539.png 1030w, https:\/\/www.plugandgo.es\/wp-content\/uploads\/2023\/05\/cuarto-Dossier-pluggo.png 1170w\" sizes=\"(max-width: 1024px) 100vw, 1024px\" \/><\/figure>\n\n\n\n<p>Este documento nos habla de <strong>crear, habitar y vivir los espacios de trabajo<\/strong>. &#8220;Sin lugar a dudas, uno de los grandes cambios que ha generado el momento actual ha sido poner en cuesti\u00f3n el viejo modelo de trabajo. Cuestionar abre la puerta a una nueva relaci\u00f3n cliente-arquitecto, y abre la puerta a la transformaci\u00f3n&#8221;, se\u00f1ala Covadonga G. Quintana, CEO y socia fundadora de plug&amp;go.<\/p>\n\n\n\n<h2 class=\"wp-block-heading\">Nuevo dossier de proyectos de plug&amp;go<\/h2>\n\n\n\n<figure class=\"wp-block-image alignright size-full is-resized\"><img decoding=\"async\" src=\"https:\/\/www.plugandgo.es\/wp-content\/uploads\/2023\/05\/covadonga-.png\" alt=\"\" class=\"wp-image-9714\" width=\"187\" height=\"187\" srcset=\"https:\/\/www.plugandgo.es\/wp-content\/uploads\/2023\/05\/covadonga-.png 748w, https:\/\/www.plugandgo.es\/wp-content\/uploads\/2023\/05\/covadonga--150x150.png 150w, https:\/\/www.plugandgo.es\/wp-content\/uploads\/2023\/05\/covadonga--300x300.png 300w\" sizes=\"(max-width: 187px) 100vw, 187px\" \/><\/figure>\n\n\n\n<p>&#8220;\u00bfC\u00f3mo este discurso afecta al mundo corporativo que vemos cada d\u00eda, de usuarios y propietarios? Las compa\u00f1\u00edas se cuestionan, y los due\u00f1os de los activos inmobiliarios<br>tambi\u00e9n se cuestionan, abriendo al debate a espacios donde se rescatan 3 pilares macro sobre los que descansa el futuro de las oficinas -que empieza hoy-: <strong>flexibilidad, bienestar y naturaleza<\/strong>.<\/p>\n\n\n\n<h3 class=\"wp-block-heading\"><strong>Flexibilidad \u2013&nbsp;Arquitectura verde<\/strong><\/h3>\n\n\n\n<p>Los espacios tienen valor para la&nbsp;<strong>persona&nbsp;<\/strong>que est\u00e1&nbsp;<strong>en el centro<\/strong>. La modularidad, la polivalencia que se completa con un enfoque \u201cverde\u201d y sostenible un tipo de arquitectura en concreto: la&nbsp;<strong>Arquitectura verde<\/strong><em>.<\/em><\/p>\n\n\n\n<h3 class=\"wp-block-heading\"><strong>Bienestar<\/strong><\/h3>\n\n\n\n<p>Las emociones, el bienestar y el equilibrio que algo produce, cobra un inter\u00e9s cada vez m\u00e1s especial. Este&nbsp;<strong>enfoque hol\u00edstico&nbsp;<\/strong>aplica criterios de&nbsp;<strong><a href=\"https:\/\/www.plugandgo.es\/neuroarquitectura-diseno-emociones\/\" data-type=\"post\" data-id=\"4190\" target=\"_blank\" rel=\"noreferrer noopener\">neuroarquitectura<\/a>&nbsp;<\/strong>al espacio. Las emociones, cambian nuestras conductas y modifican nuestro cerebro.<\/p>\n\n\n\n<h3 class=\"wp-block-heading\"><strong>Naturaleza<\/strong><\/h3>\n\n\n\n<p>La conciencia de la sociedad crece hacia un sentimiento firme de&nbsp;<strong>respeto hacia el entorno<\/strong>. Buscamos un dise\u00f1o que recupere materiales o los dote de una segunda vida. Se valora el dise\u00f1o que reutiliza lo existente y se combina creando un nuevo escenario.<\/p>\n\n\n\n<p>Una muestra de c\u00f3mo en plug&amp;go aplicamos estos tres conceptos, son dos recientes proyectos para\u00a0<strong><a href=\"https:\/\/www.plugandgo.es\/clientes\/oxford\/\" target=\"_blank\" rel=\"noreferrer noopener\">Oxford University Press<\/a><\/strong>\u00a0y\u00a0<strong><a href=\"https:\/\/www.plugandgo.es\/clientes\/techedge\/\" target=\"_blank\" rel=\"noreferrer noopener\">TechEdge<\/a><\/strong>.<\/p>\n\n\n\n<figure class=\"wp-block-image size-large\"><img decoding=\"async\" width=\"1024\" height=\"683\" src=\"https:\/\/www.plugandgo.es\/wp-content\/uploads\/2023\/05\/oxford-a-1024x683.jpg\" alt=\"\" class=\"wp-image-9192\" srcset=\"https:\/\/www.plugandgo.es\/wp-content\/uploads\/2023\/05\/oxford-a-1024x683.jpg 1024w, https:\/\/www.plugandgo.es\/wp-content\/uploads\/2023\/05\/oxford-a-760x507.jpg 760w, https:\/\/www.plugandgo.es\/wp-content\/uploads\/2023\/05\/oxford-a-1030x686.jpg 1030w, https:\/\/www.plugandgo.es\/wp-content\/uploads\/2023\/05\/oxford-a-300x200.jpg 300w, https:\/\/www.plugandgo.es\/wp-content\/uploads\/2023\/05\/oxford-a-768x512.jpg 768w, https:\/\/www.plugandgo.es\/wp-content\/uploads\/2023\/05\/oxford-a-1536x1024.jpg 1536w, https:\/\/www.plugandgo.es\/wp-content\/uploads\/2023\/05\/oxford-a.jpg 2048w\" sizes=\"(max-width: 1024px) 100vw, 1024px\" \/><figcaption class=\"wp-element-caption\">Oxford University Press | Proyecto de plug&amp;go<\/figcaption><\/figure>\n\n\n\n<figure class=\"wp-block-image size-large\"><img loading=\"lazy\" decoding=\"async\" width=\"1024\" height=\"683\" src=\"https:\/\/www.plugandgo.es\/wp-content\/uploads\/2023\/05\/TechEdge-a-1024x683.jpg\" alt=\"\" class=\"wp-image-8716\" srcset=\"https:\/\/www.plugandgo.es\/wp-content\/uploads\/2023\/05\/TechEdge-a-1024x683.jpg 1024w, https:\/\/www.plugandgo.es\/wp-content\/uploads\/2023\/05\/TechEdge-a-760x507.jpg 760w, https:\/\/www.plugandgo.es\/wp-content\/uploads\/2023\/05\/TechEdge-a-1030x686.jpg 1030w, https:\/\/www.plugandgo.es\/wp-content\/uploads\/2023\/05\/TechEdge-a-300x200.jpg 300w, https:\/\/www.plugandgo.es\/wp-content\/uploads\/2023\/05\/TechEdge-a-768x512.jpg 768w, https:\/\/www.plugandgo.es\/wp-content\/uploads\/2023\/05\/TechEdge-a-1536x1024.jpg 1536w, https:\/\/www.plugandgo.es\/wp-content\/uploads\/2023\/05\/TechEdge-a.jpg 2048w\" sizes=\"(max-width: 1024px) 100vw, 1024px\" \/><figcaption class=\"wp-element-caption\">Techedge | Proyecto de plug&amp;go<\/figcaption><\/figure>\n\n\n\n<figure class=\"wp-block-image aligncenter size-full\"><img loading=\"lazy\" decoding=\"async\" width=\"551\" height=\"341\" src=\"https:\/\/www.plugandgo.es\/wp-content\/uploads\/2023\/05\/nuevo-dossier-de-proyectos.png\" alt=\"\" class=\"wp-image-9715\" srcset=\"https:\/\/www.plugandgo.es\/wp-content\/uploads\/2023\/05\/nuevo-dossier-de-proyectos.png 551w, https:\/\/www.plugandgo.es\/wp-content\/uploads\/2023\/05\/nuevo-dossier-de-proyectos-300x186.png 300w\" sizes=\"(max-width: 551px) 100vw, 551px\" \/><figcaption class=\"wp-element-caption\"><strong>Accede <a href=\"https:\/\/mailchi.mp\/67fe72d8a45a\/1orm3gypny\" target=\"_blank\" rel=\"noreferrer noopener\">aqu\u00ed<\/a> al dossier.<\/strong><\/figcaption><\/figure>\n","protected":false},"excerpt":{"rendered":"<p>plug&amp;go acaba de publicar su cuarto recopilatorio de proyectos de arquitectura corporativa. Bajo el t\u00edtulo &#8220;El futuro que empieza hoy&#8220;, este nuevo dossier de proyectos expone 10 reportajes gr\u00e1ficos de espacios corporativos, realizados por plug&amp;go, para el que hemos dise\u00f1ado una lista de Spotify. Este documento nos habla de crear, habitar y vivir los espacios [&hellip;]<\/p>\n","protected":false},"author":1,"featured_media":9713,"comment_status":"open","ping_status":"open","sticky":false,"template":"","format":"standard","meta":{"footnotes":""},"categories":[135],"tags":[],"class_list":["post-9712","post","type-post","status-publish","format-standard","has-post-thumbnail","hentry","category-oficinas"],"_links":{"self":[{"href":"https:\/\/www.plugandgo.es\/en\/wp-json\/wp\/v2\/posts\/9712","targetHints":{"allow":["GET"]}}],"collection":[{"href":"https:\/\/www.plugandgo.es\/en\/wp-json\/wp\/v2\/posts"}],"about":[{"href":"https:\/\/www.plugandgo.es\/en\/wp-json\/wp\/v2\/types\/post"}],"author":[{"embeddable":true,"href":"https:\/\/www.plugandgo.es\/en\/wp-json\/wp\/v2\/users\/1"}],"replies":[{"embeddable":true,"href":"https:\/\/www.plugandgo.es\/en\/wp-json\/wp\/v2\/comments?post=9712"}],"version-history":[{"count":0,"href":"https:\/\/www.plugandgo.es\/en\/wp-json\/wp\/v2\/posts\/9712\/revisions"}],"wp:featuredmedia":[{"embeddable":true,"href":"https:\/\/www.plugandgo.es\/en\/wp-json\/wp\/v2\/media\/9713"}],"wp:attachment":[{"href":"https:\/\/www.plugandgo.es\/en\/wp-json\/wp\/v2\/media?parent=9712"}],"wp:term":[{"taxonomy":"category","embeddable":true,"href":"https:\/\/www.plugandgo.es\/en\/wp-json\/wp\/v2\/categories?post=9712"},{"taxonomy":"post_tag","embeddable":true,"href":"https:\/\/www.plugandgo.es\/en\/wp-json\/wp\/v2\/tags?post=9712"}],"curies":[{"name":"wp","href":"https:\/\/api.w.org\/{rel}","templated":true}]}}